{"id":18897,"date":"2026-03-04T17:09:42","date_gmt":"2026-03-04T16:09:42","guid":{"rendered":"https:\/\/dntagro.com\/?p=18897"},"modified":"2026-03-04T17:09:45","modified_gmt":"2026-03-04T16:09:45","slug":"clitra-pistache-protecao-tronco-capa-tubular","status":"publish","type":"post","link":"https:\/\/dntagro.com\/pt-pt\/clitra-pistache-protecao-tronco-capa-tubular\/","title":{"rendered":"Clitra em Pistache: danos na primavera e como proteger o tronco com cobertura tubular n\u00e3o-tecida"},"content":{"rendered":"\n<h2 class=\"wp-block-heading\">O Pistache e Sua Expans\u00e3o: Novas Amea\u00e7as<\/h2>\n\n\n\n<p>No entanto, esse crescimento r\u00e1pido trouxe consigo um fen\u00f4meno comum na implanta\u00e7\u00e3o de novas culturas: o surgimento de pragas que encontram nas planta\u00e7\u00f5es jovens um recurso alimentar abundante. Entre elas, uma das que mais preocupa em certas regi\u00f5es produtoras \u00e9 a clitra do pistache, taxonomicamente identificada como <em>Labidostomis lusitanica<\/em>.<\/p>\n\n\n\n<p>Embora n\u00e3o seja uma praga exclusiva do pistache, seu comportamento na primavera (coincidindo com a brota\u00e7\u00e3o) torna-a um risco significativo para planta\u00e7\u00f5es jovens, especialmente durante os meses de abril, maio e junho. Nesses est\u00e1gios, a \u00e1rvore concentra grande parte de sua energia na emiss\u00e3o de brotos tenros e na forma\u00e7\u00e3o da estrutura, de modo que qualquer dano foliar repetido pode comprometer seu desenvolvimento.<\/p>\n\n\n\n<p>O agricultor profissional n\u00e3o pode mais se limitar a esperar e reagir a esse problema. No contexto atual, a preven\u00e7\u00e3o t\u00e9cnica e o manejo integrado s\u00e3o essenciais. E \u00e9 justamente aqui que as estrat\u00e9gias de prote\u00e7\u00e3o f\u00edsica, como a capa tubular n\u00e3o-tecida, est\u00e3o ganhando relev\u00e2ncia no campo.<\/p>\n\n\n\n<h2 class=\"wp-block-heading\">O que \u00e9 a clitra (<em>Labidostomis lusitanica<\/em>)<\/h2>\n\n\n\n<p>Trata-se de um besouro fit\u00f3fago, pertencente ao grupo dos crisom\u00e9lidos, conhecidos popularmente como besouros das folhas.<\/p>\n\n\n\n<div style=\"height:25px\" aria-hidden=\"true\" class=\"wp-block-spacer\"><\/div>\n\n\n\n<figure class=\"wp-block-image size-full is-resized\"><img decoding=\"async\" width=\"768\" height=\"577\" src=\"https:\/\/dntagro.com\/wp-content\/uploads\/2026\/03\/clitra-en-pistacho.jpg\" alt=\"\" class=\"wp-image-18878\" style=\"aspect-ratio:1.3310398749022674;width:595px;height:auto\" srcset=\"https:\/\/dntagro.com\/wp-content\/uploads\/2026\/03\/clitra-en-pistacho.jpg 768w, https:\/\/dntagro.com\/wp-content\/uploads\/2026\/03\/clitra-en-pistacho-370x278.jpg 370w\" sizes=\"(max-width: 768px) 100vw, 768px\" \/><\/figure>\n\n\n\n<div style=\"height:25px\" aria-hidden=\"true\" class=\"wp-block-spacer\"><\/div>\n\n\n\n<h3 class=\"wp-block-heading\">Ciclo biol\u00f3gico<\/h3>\n\n\n\n<p>Sua biologia, descrita em estudos entomol\u00f3gicos e observa\u00e7\u00f5es de campo em culturas lenhosas, pode ser resumida da seguinte forma:<\/p>\n\n\n\n<ul class=\"wp-block-list\">\n<li><strong>Hiberna\u00e7\u00e3o:<\/strong> O inseto passa o inverno como adulto ou em fases protegidas no solo.<\/li>\n\n\n\n<li><strong>Emerg\u00eancia na primavera:<\/strong> Com a eleva\u00e7\u00e3o das temperaturas (final de mar\u00e7o\u2013abril), os adultos emergem.<\/li>\n\n\n\n<li><strong>Atividade alimentar:<\/strong> Alimentam-se ativamente das folhas tenras.<\/li>\n\n\n\n<li><strong>Oviposi\u00e7\u00e3o:<\/strong> As f\u00eameas depositam ovos no entorno da planta\u00e7\u00e3o.<\/li>\n\n\n\n<li><strong>Fase larval:<\/strong> As larvas se desenvolvem associadas ao solo, com h\u00e1bitos distintos dos adultos.<\/li>\n\n\n\n<li><strong>Nova gera\u00e7\u00e3o:<\/strong> Completa o ciclo antes da pr\u00f3xima hiberna\u00e7\u00e3o.<\/li>\n<\/ul>\n\n\n\n<h3 class=\"wp-block-heading\">Per\u00edodo cr\u00edtico de atividade<\/h3>\n\n\n\n<p>Em planta\u00e7\u00f5es de pistache, o per\u00edodo de maior risco coincide com a brota\u00e7\u00e3o primaveril: abril, maio e primeiras semanas de junho. Nesse intervalo, a presen\u00e7a da clitra \u00e9 mais vis\u00edvel e os danos mais evidentes.<\/p>\n\n\n\n<h3 class=\"wp-block-heading\">H\u00e1bitos alimentares<\/h3>\n\n\n\n<p>A clitra alimenta-se de folhas jovens, mordiscando o limbo foliar e causando perfura\u00e7\u00f5es irregulares. Em \u00e1rvores adultas consolidadas, o impacto costuma ser limitado. No entanto, em planta\u00e7\u00f5es jovens (1\u20134 anos), a situa\u00e7\u00e3o \u00e9 diferente.<\/p>\n\n\n\n<h2 class=\"wp-block-heading\"><strong>Danos da clitra na cultura do pistache<\/strong><\/h2>\n\n\n\n<h3 class=\"wp-block-heading\"><strong>Danos em Brotos Tenros<\/strong><\/h3>\n\n\n\n<p>Os danos t\u00edpicos da clitra incluem:<\/p>\n\n\n\n<ul class=\"wp-block-list\">\n<li>Perfura\u00e7\u00f5es em folhas rec\u00e9m-abertas.<\/li>\n\n\n\n<li>Redu\u00e7\u00e3o da superf\u00edcie fotossint\u00e9tica.<\/li>\n\n\n\n<li>Em ataques intensos, desfolha parcial.<\/li>\n<\/ul>\n\n\n\n<p>Em \u00e1rvores em forma\u00e7\u00e3o, cada broto tem um papel estrutural. A perda repetida de folhas pode:<\/p>\n\n\n\n<ul class=\"wp-block-list\">\n<li>Retardar o crescimento.<\/li>\n\n\n\n<li>Enfraquecer o eixo principal.<\/li>\n\n\n\n<li>Obrigar a reestruturar a poda de forma\u00e7\u00e3o.<\/li>\n<\/ul>\n\n\n\n<h3 class=\"wp-block-heading\"><strong>Impacto em planta\u00e7\u00f5es jovens<\/strong><\/h3>\n\n\n\n<p>Em culturas jovens, o n\u00famero de folhas por \u00e1rvore ainda \u00e9 limitado. A clitra, ao se concentrar em zonas espec\u00edficas, pode causar:<\/p>\n\n\n\n<ul class=\"wp-block-list\">\n<li>Atrasos vegetativos.<\/li>\n\n\n\n<li>Desenvolvimento desigual.<\/li>\n\n\n\n<li>Maior vulnerabilidade ao estresse h\u00eddrico.<\/li>\n<\/ul>\n\n\n\n<h2 class=\"wp-block-heading\"><strong>Por que abril, maio e junho s\u00e3o meses cr\u00edticos<\/strong><\/h2>\n\n\n\n<p>A coincid\u00eancia entre a emerg\u00eancia de adultos da clitra e a fase de brota\u00e7\u00e3o do pistache cria um cen\u00e1rio de alta vulnerabilidade.<\/p>\n\n\n\n<p><strong>Na primavera:<\/strong><\/p>\n\n\n\n<ul class=\"wp-block-list\">\n<li>As temperaturas favorecem a atividade do inseto.<\/li>\n\n\n\n<li>O tecido vegetal \u00e9 mais tenro e atraente.<\/li>\n\n\n\n<li>A \u00e1rvore destina recursos ao crescimento vegetativo.<\/li>\n<\/ul>\n\n\n\n<p>Al\u00e9m disso, em regi\u00f5es continentais, primaveras secas podem concentrar a press\u00e3o do inseto em planta\u00e7\u00f5es irrigadas, que atuam como pontos verdes na paisagem.<\/p>\n\n\n\n<h2 class=\"wp-block-heading\"><strong>Cobertura tubular n\u00e3o-tecida: alternativa contra a clitra<\/strong><\/h2>\n\n\n\n<p>A coberture tubular da DNT Agro \u00e9 fabricada com material n\u00e3o-tecido, uma trama de fibras unidas mecanicamente ou termicamente sem processo de tecelagem convencional. Existem v\u00e1rias diferen\u00e7as em rela\u00e7\u00e3o ao pl\u00e1stico tradicional:<\/p>\n\n\n\n<p><strong>Diferen\u00e7as em rela\u00e7\u00e3o a protetores pl\u00e1sticos r\u00edgidos<\/strong><br><\/p>\n\n\n\n<figure class=\"wp-block-table\"><table class=\"has-fixed-layout\"><thead><tr><th>Caracter\u00edstica<\/th><th>Coberture Tubular N\u00e3o-Tecida<\/th><th>Pl\u00e1stico Convencional<\/th><\/tr><\/thead><tbody><tr><td>Respirabilidade<\/td><td>Alta<\/td><td>Baixa<\/td><\/tr><tr><td>Ventila\u00e7\u00e3o<\/td><td>Cont\u00ednua<\/td><td>Limitada<\/td><\/tr><tr><td>Condensa\u00e7\u00e3o<\/td><td>Reduzida<\/td><td>Frequente<\/td><\/tr><tr><td>Flexibilidade<\/td><td>Alta<\/td><td>Baixa<\/td><\/tr><\/tbody><\/table><\/figure>\n\n\n\n<div style=\"height:15px\" aria-hidden=\"true\" class=\"wp-block-spacer\"><\/div>\n\n\n\n<figure class=\"wp-block-image size-full is-resized\"><img decoding=\"async\" width=\"835\" height=\"835\" src=\"https:\/\/dntagro.com\/wp-content\/uploads\/2026\/03\/funda-tubular-en-pistachos.png\" alt=\"Capa Tubular para Culturas de Pistache\n\" class=\"wp-image-18882\" style=\"width:648px;height:auto\" srcset=\"https:\/\/dntagro.com\/wp-content\/uploads\/2026\/03\/funda-tubular-en-pistachos.png 835w, https:\/\/dntagro.com\/wp-content\/uploads\/2026\/03\/funda-tubular-en-pistachos-370x370.png 370w, https:\/\/dntagro.com\/wp-content\/uploads\/2026\/03\/funda-tubular-en-pistachos-768x768.png 768w\" sizes=\"(max-width: 835px) 100vw, 835px\" \/><\/figure>\n\n\n\n<div style=\"height:25px\" aria-hidden=\"true\" class=\"wp-block-spacer\"><\/div>\n\n\n\n<h3 class=\"wp-block-heading\">Respirabilidade e microclima<\/h3>\n\n\n\n<p>O material n\u00e3o-tecido permite:<\/p>\n\n\n\n<ul class=\"wp-block-list\">\n<li>Passagem de ar.<\/li>\n\n\n\n<li>Evacua\u00e7\u00e3o da umidade.<\/li>\n\n\n\n<li>Redu\u00e7\u00e3o da condensa\u00e7\u00e3o interna.<\/li>\n<\/ul>\n\n\n\n<p>Isso evita a cria\u00e7\u00e3o de ambientes fechados que possam favorecer pat\u00f3genos.<\/p>\n\n\n\n<h3 class=\"wp-block-heading\"><strong>Passagem de luz<\/strong><\/h3>\n\n\n\n<p>Permite a entrada de radia\u00e7\u00e3o difusa suficiente para manter a atividade fotossint\u00e9tica nos brotos protegidos.<\/p>\n\n\n\n<h3 class=\"wp-block-heading\">Resist\u00eancia mec\u00e2nica<\/h3>\n\n\n\n<p>Projetada para suportar:<\/p>\n\n\n\n<ul class=\"wp-block-list\">\n<li>Vento.<\/li>\n\n\n\n<li>Atritos leves.<\/li>\n\n\n\n<li>Exposi\u00e7\u00e3o \u00e0s intemp\u00e9ries durante a campanha.<\/li>\n<\/ul>\n\n\n\n<h3 class=\"wp-block-heading\">Comportamento frente \u00e0 umidade<\/h3>\n\n\n\n<p>Por n\u00e3o ser uma l\u00e2mina imperme\u00e1vel, n\u00e3o acumula \u00e1gua em seu interior, reduzindo riscos associados \u00e0 asfixia radicular ou problemas f\u00fangicos no colo da \u00e1rvore.<br>Solu\u00e7\u00f5es como a <a href=\"https:\/\/dntagro.com\/pt-pt\/produtos\/cobertura-tubular\/\">coberture tubular<\/a> para pistache da DNT Agro seguem esses princ\u00edpios t\u00e9cnicos de prote\u00e7\u00e3o f\u00edsica respir\u00e1vel.<\/p>\n\n\n\n<h2 class=\"wp-block-heading\"><strong>Aplica\u00e7\u00e3o pr\u00e1tica em campo<\/strong><\/h2>\n\n\n\n<h3 class=\"wp-block-heading\"><strong>Momento de coloca\u00e7\u00e3o<\/strong><\/h3>\n\n\n\n<p>O ideal \u00e9 no final de mar\u00e7o ou in\u00edcio de abril, dependendo da localiza\u00e7\u00e3o geogr\u00e1fica da planta\u00e7\u00e3o, pois \u00e9 quando ocorre a brota\u00e7\u00e3o do pistache.<\/p>\n\n\n\n<h3 class=\"wp-block-heading\"><strong>Instala\u00e7\u00e3o<\/strong><\/h3>\n\n\n\n<ul class=\"wp-block-list\">\n<li>Ajustar ao tronco sem apertar.<\/li>\n\n\n\n<li>Fixar corretamente na base.<\/li>\n\n\n\n<li>Garantir estabilidade contra o vento.<\/li>\n<\/ul>\n\n\n\n<h3 class=\"wp-block-heading\"><strong>Altura recomendada<\/strong><\/h3>\n\n\n\n<p>Deve cobrir o trecho onde se concentram brotos tenros acess\u00edveis ao inseto, geralmente os primeiros 40\u201360 cm em planta\u00e7\u00f5es jovens.<\/p>\n\n\n\n<h3 class=\"wp-block-heading\"><strong>Erros frequentes<\/strong><\/h3>\n\n\n\n<ul class=\"wp-block-list\">\n<li>Coloca\u00e7\u00e3o tardia.<\/li>\n\n\n\n<li>Fixa\u00e7\u00e3o inadequada.<\/li>\n\n\n\n<li>Remo\u00e7\u00e3o prematura.<\/li>\n<\/ul>\n\n\n\n<h3 class=\"wp-block-heading\"><strong>Benef\u00edcios adicionais em planta\u00e7\u00f5es jovens<\/strong><\/h3>\n\n\n\n<p>Quando corretamente instalada, a coberture tubular pode:<\/p>\n\n\n\n<ul class=\"wp-block-list\">\n<li>Reduzir danos por atrito de m\u00e1quinas.<\/li>\n\n\n\n<li>Diminuir a exposi\u00e7\u00e3o direta ao sol em troncos jovens.<\/li>\n\n\n\n<li>Melhorar o estabelecimento inicial.<\/li>\n<\/ul>\n\n\n\n<h2 class=\"wp-block-heading\"><strong>Conclus\u00e3o<\/strong><\/h2>\n\n\n\n<p>A clitra do pistache nem sempre provoca perdas catastr\u00f3ficas, mas em planta\u00e7\u00f5es jovens pode comprometer o ritmo de crescimento e a uniformidade.<br>Em um contexto de redu\u00e7\u00e3o de produtos ativos e maior exig\u00eancia ambiental, a prote\u00e7\u00e3o f\u00edsica por meio da coberture tubular n\u00e3o-tecida constitui uma ferramenta eficaz e consistente com o manejo integrado.<br>Antecipar-se ao per\u00edodo cr\u00edtico de abril, maio e junho n\u00e3o \u00e9 uma op\u00e7\u00e3o t\u00e1tica: \u00e9 uma decis\u00e3o estrat\u00e9gica no manejo profissional do pistache.<\/p>\n","protected":false},"excerpt":{"rendered":"<p>O Pistache e Sua Expans\u00e3o: Novas Amea\u00e7as No entanto, esse crescimento r\u00e1pido trouxe consigo um fen\u00f4meno comum na implanta\u00e7\u00e3o de novas culturas: o surgimento de pragas que encontram nas planta\u00e7\u00f5es jovens um recurso alimentar abundante. Entre elas, uma das que mais preocupa em certas regi\u00f5es produtoras \u00e9 a clitra do pistache, taxonomicamente identificada como Labidostomis lusitanica. Embora n\u00e3o seja uma praga exclusiva do pistache, seu comportamento na primavera (coincidindo com &#8230; <\/p>\n<p class=\"read-more-container\"><a title=\"Clitra em Pistache: danos na primavera e como proteger o tronco com cobertura tubular n\u00e3o-tecida\" class=\"read-more button\" href=\"https:\/\/dntagro.com\/pt-pt\/clitra-pistache-protecao-tronco-capa-tubular\/#more-18897\" aria-label=\"Leia mais sobre Clitra em Pistache: danos na primavera e como proteger o tronco com cobertura tubular n\u00e3o-tecida\">Leia mais<\/a><\/p>\n","protected":false},"author":20,"featured_media":18886,"comment_status":"closed","ping_status":"closed","sticky":false,"template":"","format":"standard","meta":{"inline_featured_image":false,"footnotes":""},"categories":[224],"tags":[],"class_list":["post-18897","post","type-post","status-publish","format-standard","has-post-thumbnail","hentry","category-produtos","generate-columns","tablet-grid-50","mobile-grid-100","grid-parent","grid-50"],"yoast_head":"<!-- This site is optimized with the Yoast SEO plugin v27.4 - https:\/\/yoast.com\/product\/yoast-seo-wordpress\/ -->\n<title>Clitra em Pistache e Como Proteger o Tronco com Capa Tubular<\/title>\n<meta name=\"description\" content=\"A clitra em pistache \u00e9 um dos danos da primavera. A capa tubular n\u00e3o-tecida \u00e9 a solu\u00e7\u00e3o para proteger o tronco.\" \/>\n<meta name=\"robots\" content=\"index, follow, max-snippet:-1, max-image-preview:large, max-video-preview:-1\" \/>\n<link rel=\"canonical\" href=\"https:\/\/dntagro.com\/pt-pt\/clitra-pistache-protecao-tronco-capa-tubular\/\" \/>\n<meta property=\"og:locale\" content=\"pt_PT\" \/>\n<meta property=\"og:type\" content=\"article\" \/>\n<meta property=\"og:title\" content=\"Clitra em Pistache e Como Proteger o Tronco com Capa Tubular\" \/>\n<meta property=\"og:description\" content=\"A clitra em pistache \u00e9 um dos danos da primavera. A capa tubular n\u00e3o-tecida \u00e9 a solu\u00e7\u00e3o para proteger o tronco.\" \/>\n<meta property=\"og:url\" content=\"https:\/\/dntagro.com\/pt-pt\/clitra-pistache-protecao-tronco-capa-tubular\/\" \/>\n<meta property=\"og:site_name\" content=\"DNT Agro\" \/>\n<meta property=\"article:published_time\" content=\"2026-03-04T16:09:42+00:00\" \/>\n<meta property=\"article:modified_time\" content=\"2026-03-04T16:09:45+00:00\" \/>\n<meta property=\"og:image\" content=\"https:\/\/dntagro.com\/wp-content\/uploads\/2026\/03\/funda-tubular-en-pistacheros_.jpg\" \/>\n\t<meta property=\"og:image:width\" content=\"793\" \/>\n\t<meta property=\"og:image:height\" content=\"793\" \/>\n\t<meta property=\"og:image:type\" content=\"image\/jpeg\" \/>\n<meta name=\"author\" content=\"Marketing GDNT\" \/>\n<meta name=\"twitter:card\" content=\"summary_large_image\" \/>\n<meta name=\"twitter:label1\" content=\"Escrito por\" \/>\n\t<meta name=\"twitter:data1\" content=\"Marketing GDNT\" \/>\n\t<meta name=\"twitter:label2\" content=\"Tempo estimado de leitura\" \/>\n\t<meta name=\"twitter:data2\" content=\"5 minutes\" \/>\n<script type=\"application\/ld+json\" class=\"yoast-schema-graph\">{\"@context\":\"https:\\\/\\\/schema.org\",\"@graph\":[{\"@type\":\"Article\",\"@id\":\"https:\\\/\\\/dntagro.com\\\/pt-pt\\\/clitra-pistache-protecao-tronco-capa-tubular\\\/#article\",\"isPartOf\":{\"@id\":\"https:\\\/\\\/dntagro.com\\\/pt-pt\\\/clitra-pistache-protecao-tronco-capa-tubular\\\/\"},\"author\":{\"name\":\"Marketing GDNT\",\"@id\":\"https:\\\/\\\/dntagro.com\\\/pt-pt\\\/#\\\/schema\\\/person\\\/04c6613b5b8ef6f8c18be99bf09b74ab\"},\"headline\":\"Clitra em Pistache: danos na primavera e como proteger o tronco com cobertura tubular n\u00e3o-tecida\",\"datePublished\":\"2026-03-04T16:09:42+00:00\",\"dateModified\":\"2026-03-04T16:09:45+00:00\",\"mainEntityOfPage\":{\"@id\":\"https:\\\/\\\/dntagro.com\\\/pt-pt\\\/clitra-pistache-protecao-tronco-capa-tubular\\\/\"},\"wordCount\":1027,\"publisher\":{\"@id\":\"https:\\\/\\\/dntagro.com\\\/pt-pt\\\/#organization\"},\"image\":{\"@id\":\"https:\\\/\\\/dntagro.com\\\/pt-pt\\\/clitra-pistache-protecao-tronco-capa-tubular\\\/#primaryimage\"},\"thumbnailUrl\":\"https:\\\/\\\/dntagro.com\\\/wp-content\\\/uploads\\\/2026\\\/03\\\/funda-tubular-en-pistacheros_.jpg\",\"articleSection\":[\"Produtos\"],\"inLanguage\":\"pt-PT\"},{\"@type\":\"WebPage\",\"@id\":\"https:\\\/\\\/dntagro.com\\\/pt-pt\\\/clitra-pistache-protecao-tronco-capa-tubular\\\/\",\"url\":\"https:\\\/\\\/dntagro.com\\\/pt-pt\\\/clitra-pistache-protecao-tronco-capa-tubular\\\/\",\"name\":\"Clitra em Pistache e Como Proteger o Tronco com Capa Tubular\",\"isPartOf\":{\"@id\":\"https:\\\/\\\/dntagro.com\\\/pt-pt\\\/#website\"},\"primaryImageOfPage\":{\"@id\":\"https:\\\/\\\/dntagro.com\\\/pt-pt\\\/clitra-pistache-protecao-tronco-capa-tubular\\\/#primaryimage\"},\"image\":{\"@id\":\"https:\\\/\\\/dntagro.com\\\/pt-pt\\\/clitra-pistache-protecao-tronco-capa-tubular\\\/#primaryimage\"},\"thumbnailUrl\":\"https:\\\/\\\/dntagro.com\\\/wp-content\\\/uploads\\\/2026\\\/03\\\/funda-tubular-en-pistacheros_.jpg\",\"datePublished\":\"2026-03-04T16:09:42+00:00\",\"dateModified\":\"2026-03-04T16:09:45+00:00\",\"description\":\"A clitra em pistache \u00e9 um dos danos da primavera. A capa tubular n\u00e3o-tecida \u00e9 a solu\u00e7\u00e3o para proteger o tronco.\",\"breadcrumb\":{\"@id\":\"https:\\\/\\\/dntagro.com\\\/pt-pt\\\/clitra-pistache-protecao-tronco-capa-tubular\\\/#breadcrumb\"},\"inLanguage\":\"pt-PT\",\"potentialAction\":[{\"@type\":\"ReadAction\",\"target\":[\"https:\\\/\\\/dntagro.com\\\/pt-pt\\\/clitra-pistache-protecao-tronco-capa-tubular\\\/\"]}]},{\"@type\":\"ImageObject\",\"inLanguage\":\"pt-PT\",\"@id\":\"https:\\\/\\\/dntagro.com\\\/pt-pt\\\/clitra-pistache-protecao-tronco-capa-tubular\\\/#primaryimage\",\"url\":\"https:\\\/\\\/dntagro.com\\\/wp-content\\\/uploads\\\/2026\\\/03\\\/funda-tubular-en-pistacheros_.jpg\",\"contentUrl\":\"https:\\\/\\\/dntagro.com\\\/wp-content\\\/uploads\\\/2026\\\/03\\\/funda-tubular-en-pistacheros_.jpg\",\"width\":793,\"height\":793},{\"@type\":\"BreadcrumbList\",\"@id\":\"https:\\\/\\\/dntagro.com\\\/pt-pt\\\/clitra-pistache-protecao-tronco-capa-tubular\\\/#breadcrumb\",\"itemListElement\":[{\"@type\":\"ListItem\",\"position\":1,\"name\":\"Portada\",\"item\":\"https:\\\/\\\/dntagro.com\\\/pt-pt\\\/\"},{\"@type\":\"ListItem\",\"position\":2,\"name\":\"Clitra em Pistache: danos na primavera e como proteger o tronco com cobertura tubular n\u00e3o-tecida\"}]},{\"@type\":\"WebSite\",\"@id\":\"https:\\\/\\\/dntagro.com\\\/pt-pt\\\/#website\",\"url\":\"https:\\\/\\\/dntagro.com\\\/pt-pt\\\/\",\"name\":\"DNT Agro\",\"description\":\"DNT AGRO es la l\u00ednea de no tejidos y complementos para la protecci\u00f3n y el control biol\u00f3gico y t\u00e9rmico de \u00e1rboles, cultivos y plantas.\",\"publisher\":{\"@id\":\"https:\\\/\\\/dntagro.com\\\/pt-pt\\\/#organization\"},\"potentialAction\":[{\"@type\":\"SearchAction\",\"target\":{\"@type\":\"EntryPoint\",\"urlTemplate\":\"https:\\\/\\\/dntagro.com\\\/pt-pt\\\/?s={search_term_string}\"},\"query-input\":{\"@type\":\"PropertyValueSpecification\",\"valueRequired\":true,\"valueName\":\"search_term_string\"}}],\"inLanguage\":\"pt-PT\"},{\"@type\":\"Organization\",\"@id\":\"https:\\\/\\\/dntagro.com\\\/pt-pt\\\/#organization\",\"name\":\"DNT Agro\",\"url\":\"https:\\\/\\\/dntagro.com\\\/pt-pt\\\/\",\"logo\":{\"@type\":\"ImageObject\",\"inLanguage\":\"pt-PT\",\"@id\":\"https:\\\/\\\/dntagro.com\\\/pt-pt\\\/#\\\/schema\\\/logo\\\/image\\\/\",\"url\":\"https:\\\/\\\/dntagro.com\\\/wp-content\\\/uploads\\\/2025\\\/10\\\/dntagro-menu.png\",\"contentUrl\":\"https:\\\/\\\/dntagro.com\\\/wp-content\\\/uploads\\\/2025\\\/10\\\/dntagro-menu.png\",\"width\":170,\"height\":100,\"caption\":\"DNT Agro\"},\"image\":{\"@id\":\"https:\\\/\\\/dntagro.com\\\/pt-pt\\\/#\\\/schema\\\/logo\\\/image\\\/\"}},{\"@type\":\"Person\",\"@id\":\"https:\\\/\\\/dntagro.com\\\/pt-pt\\\/#\\\/schema\\\/person\\\/04c6613b5b8ef6f8c18be99bf09b74ab\",\"name\":\"Marketing GDNT\"}]}<\/script>\n<!-- \/ Yoast SEO plugin. -->","yoast_head_json":{"title":"Clitra em Pistache e Como Proteger o Tronco com Capa Tubular","description":"A clitra em pistache \u00e9 um dos danos da primavera. A capa tubular n\u00e3o-tecida \u00e9 a solu\u00e7\u00e3o para proteger o tronco.","robots":{"index":"index","follow":"follow","max-snippet":"max-snippet:-1","max-image-preview":"max-image-preview:large","max-video-preview":"max-video-preview:-1"},"canonical":"https:\/\/dntagro.com\/pt-pt\/clitra-pistache-protecao-tronco-capa-tubular\/","og_locale":"pt_PT","og_type":"article","og_title":"Clitra em Pistache e Como Proteger o Tronco com Capa Tubular","og_description":"A clitra em pistache \u00e9 um dos danos da primavera. A capa tubular n\u00e3o-tecida \u00e9 a solu\u00e7\u00e3o para proteger o tronco.","og_url":"https:\/\/dntagro.com\/pt-pt\/clitra-pistache-protecao-tronco-capa-tubular\/","og_site_name":"DNT Agro","article_published_time":"2026-03-04T16:09:42+00:00","article_modified_time":"2026-03-04T16:09:45+00:00","og_image":[{"width":793,"height":793,"url":"https:\/\/dntagro.com\/wp-content\/uploads\/2026\/03\/funda-tubular-en-pistacheros_.jpg","type":"image\/jpeg"}],"author":"Marketing GDNT","twitter_card":"summary_large_image","twitter_misc":{"Escrito por":"Marketing GDNT","Tempo estimado de leitura":"5 minutes"},"schema":{"@context":"https:\/\/schema.org","@graph":[{"@type":"Article","@id":"https:\/\/dntagro.com\/pt-pt\/clitra-pistache-protecao-tronco-capa-tubular\/#article","isPartOf":{"@id":"https:\/\/dntagro.com\/pt-pt\/clitra-pistache-protecao-tronco-capa-tubular\/"},"author":{"name":"Marketing GDNT","@id":"https:\/\/dntagro.com\/pt-pt\/#\/schema\/person\/04c6613b5b8ef6f8c18be99bf09b74ab"},"headline":"Clitra em Pistache: danos na primavera e como proteger o tronco com cobertura tubular n\u00e3o-tecida","datePublished":"2026-03-04T16:09:42+00:00","dateModified":"2026-03-04T16:09:45+00:00","mainEntityOfPage":{"@id":"https:\/\/dntagro.com\/pt-pt\/clitra-pistache-protecao-tronco-capa-tubular\/"},"wordCount":1027,"publisher":{"@id":"https:\/\/dntagro.com\/pt-pt\/#organization"},"image":{"@id":"https:\/\/dntagro.com\/pt-pt\/clitra-pistache-protecao-tronco-capa-tubular\/#primaryimage"},"thumbnailUrl":"https:\/\/dntagro.com\/wp-content\/uploads\/2026\/03\/funda-tubular-en-pistacheros_.jpg","articleSection":["Produtos"],"inLanguage":"pt-PT"},{"@type":"WebPage","@id":"https:\/\/dntagro.com\/pt-pt\/clitra-pistache-protecao-tronco-capa-tubular\/","url":"https:\/\/dntagro.com\/pt-pt\/clitra-pistache-protecao-tronco-capa-tubular\/","name":"Clitra em Pistache e Como Proteger o Tronco com Capa Tubular","isPartOf":{"@id":"https:\/\/dntagro.com\/pt-pt\/#website"},"primaryImageOfPage":{"@id":"https:\/\/dntagro.com\/pt-pt\/clitra-pistache-protecao-tronco-capa-tubular\/#primaryimage"},"image":{"@id":"https:\/\/dntagro.com\/pt-pt\/clitra-pistache-protecao-tronco-capa-tubular\/#primaryimage"},"thumbnailUrl":"https:\/\/dntagro.com\/wp-content\/uploads\/2026\/03\/funda-tubular-en-pistacheros_.jpg","datePublished":"2026-03-04T16:09:42+00:00","dateModified":"2026-03-04T16:09:45+00:00","description":"A clitra em pistache \u00e9 um dos danos da primavera. A capa tubular n\u00e3o-tecida \u00e9 a solu\u00e7\u00e3o para proteger o tronco.","breadcrumb":{"@id":"https:\/\/dntagro.com\/pt-pt\/clitra-pistache-protecao-tronco-capa-tubular\/#breadcrumb"},"inLanguage":"pt-PT","potentialAction":[{"@type":"ReadAction","target":["https:\/\/dntagro.com\/pt-pt\/clitra-pistache-protecao-tronco-capa-tubular\/"]}]},{"@type":"ImageObject","inLanguage":"pt-PT","@id":"https:\/\/dntagro.com\/pt-pt\/clitra-pistache-protecao-tronco-capa-tubular\/#primaryimage","url":"https:\/\/dntagro.com\/wp-content\/uploads\/2026\/03\/funda-tubular-en-pistacheros_.jpg","contentUrl":"https:\/\/dntagro.com\/wp-content\/uploads\/2026\/03\/funda-tubular-en-pistacheros_.jpg","width":793,"height":793},{"@type":"BreadcrumbList","@id":"https:\/\/dntagro.com\/pt-pt\/clitra-pistache-protecao-tronco-capa-tubular\/#breadcrumb","itemListElement":[{"@type":"ListItem","position":1,"name":"Portada","item":"https:\/\/dntagro.com\/pt-pt\/"},{"@type":"ListItem","position":2,"name":"Clitra em Pistache: danos na primavera e como proteger o tronco com cobertura tubular n\u00e3o-tecida"}]},{"@type":"WebSite","@id":"https:\/\/dntagro.com\/pt-pt\/#website","url":"https:\/\/dntagro.com\/pt-pt\/","name":"DNT Agro","description":"DNT AGRO es la l\u00ednea de no tejidos y complementos para la protecci\u00f3n y el control biol\u00f3gico y t\u00e9rmico de \u00e1rboles, cultivos y plantas.","publisher":{"@id":"https:\/\/dntagro.com\/pt-pt\/#organization"},"potentialAction":[{"@type":"SearchAction","target":{"@type":"EntryPoint","urlTemplate":"https:\/\/dntagro.com\/pt-pt\/?s={search_term_string}"},"query-input":{"@type":"PropertyValueSpecification","valueRequired":true,"valueName":"search_term_string"}}],"inLanguage":"pt-PT"},{"@type":"Organization","@id":"https:\/\/dntagro.com\/pt-pt\/#organization","name":"DNT Agro","url":"https:\/\/dntagro.com\/pt-pt\/","logo":{"@type":"ImageObject","inLanguage":"pt-PT","@id":"https:\/\/dntagro.com\/pt-pt\/#\/schema\/logo\/image\/","url":"https:\/\/dntagro.com\/wp-content\/uploads\/2025\/10\/dntagro-menu.png","contentUrl":"https:\/\/dntagro.com\/wp-content\/uploads\/2025\/10\/dntagro-menu.png","width":170,"height":100,"caption":"DNT Agro"},"image":{"@id":"https:\/\/dntagro.com\/pt-pt\/#\/schema\/logo\/image\/"}},{"@type":"Person","@id":"https:\/\/dntagro.com\/pt-pt\/#\/schema\/person\/04c6613b5b8ef6f8c18be99bf09b74ab","name":"Marketing GDNT"}]}},"_links":{"self":[{"href":"https:\/\/dntagro.com\/pt-pt\/wp-json\/wp\/v2\/posts\/18897","targetHints":{"allow":["GET"]}}],"collection":[{"href":"https:\/\/dntagro.com\/pt-pt\/wp-json\/wp\/v2\/posts"}],"about":[{"href":"https:\/\/dntagro.com\/pt-pt\/wp-json\/wp\/v2\/types\/post"}],"author":[{"embeddable":true,"href":"https:\/\/dntagro.com\/pt-pt\/wp-json\/wp\/v2\/users\/20"}],"replies":[{"embeddable":true,"href":"https:\/\/dntagro.com\/pt-pt\/wp-json\/wp\/v2\/comments?post=18897"}],"version-history":[{"count":0,"href":"https:\/\/dntagro.com\/pt-pt\/wp-json\/wp\/v2\/posts\/18897\/revisions"}],"wp:featuredmedia":[{"embeddable":true,"href":"https:\/\/dntagro.com\/pt-pt\/wp-json\/wp\/v2\/media\/18886"}],"wp:attachment":[{"href":"https:\/\/dntagro.com\/pt-pt\/wp-json\/wp\/v2\/media?parent=18897"}],"wp:term":[{"taxonomy":"category","embeddable":true,"href":"https:\/\/dntagro.com\/pt-pt\/wp-json\/wp\/v2\/categories?post=18897"},{"taxonomy":"post_tag","embeddable":true,"href":"https:\/\/dntagro.com\/pt-pt\/wp-json\/wp\/v2\/tags?post=18897"}],"curies":[{"name":"wp","href":"https:\/\/api.w.org\/{rel}","templated":true}]}}