{"id":18928,"date":"2026-03-13T10:27:56","date_gmt":"2026-03-13T09:27:56","guid":{"rendered":"https:\/\/dntagro.com\/?p=18928"},"modified":"2026-03-13T10:28:08","modified_gmt":"2026-03-13T09:28:08","slug":"protection-des-bourgeons-dagrumes-au-printemps","status":"publish","type":"post","link":"https:\/\/dntagro.com\/fr\/protection-des-bourgeons-dagrumes-au-printemps\/","title":{"rendered":"La pouss\u00e9e des agrumes au printemps : risques, probl\u00e8mes et comment prot\u00e9ger la culture \u00e0 une phase cl\u00e9"},"content":{"rendered":"\n<p>Le printemps marque l\u2019un des moments les plus d\u00e9terminants dans le cycle de culture des agrumes. Apr\u00e8s la p\u00e9riode hivernale, les arbres commencent \u00e0 se r\u00e9activer physiologiquement et entrent dans une phase d\u2019activit\u00e9 v\u00e9g\u00e9tative intense : de nouvelles branches apparaissent, des bourgeons tendres, des jeunes feuilles et m\u00eame les premi\u00e8res fleurs qui donneront la future r\u00e9colte.<br>Pour l\u2019agriculteur, cette \u00e9tape repr\u00e9sente une p\u00e9riode de grande vuln\u00e9rabilit\u00e9 pour la culture, car pendant ces semaines, tout facteur externe (d\u2019un gel tardif \u00e0 l\u2019apparition de ravageurs ou de maladies) peut affecter directement le d\u00e9veloppement des bourgeons et conditionner l\u2019\u00e9volution de l\u2019arbre pour le reste de l\u2019ann\u00e9e.<\/p>\n\n\n\n<p><br>Dans des zones agrumicoles m\u00e9diterran\u00e9ennes comme l\u2019Andalousie, la Communaut\u00e9 valencienne ou Murcie, les techniciens agricoles s\u2019accordent \u00e0 dire que la pouss\u00e9e printani\u00e8re est l\u2019un des moments les plus d\u00e9licats de la culture. \u00c0 ce stade, les tissus v\u00e9g\u00e9taux sont encore tr\u00e8s tendres et pr\u00e9sentent une sensibilit\u00e9 \u00e9lev\u00e9e face au stress climatique, aux pathog\u00e8nes et aux attaques d\u2019insectes.<br>Comprendre ce qui se passe r\u00e9ellement dans l\u2019arbre \u00e0 cette \u00e9tape et quels sont les probl\u00e8mes les plus fr\u00e9quents permet \u00e0 l\u2019agriculteur de s\u2019anticiper et d\u2019appliquer des strat\u00e9gies de gestion appropri\u00e9es pour prot\u00e9ger la culture.<\/p>\n\n\n\n<h2 class=\"wp-block-heading\"><strong>Ce qui se passe dans les agrumes pendant la pouss\u00e9e printani\u00e8re<\/strong><\/h2>\n\n\n\n<p>Apr\u00e8s le repos hivernal, l\u2019augmentation progressive des temp\u00e9ratures et l\u2019allongement des heures de lumi\u00e8re provoquent la r\u00e9activation m\u00e9tabolique de l\u2019arbre. Les r\u00e9serves accumul\u00e9es durant l\u2019hiver se mobilisent et l\u2019arbre entame une nouvelle phase de croissance.<br>\u00c0 ce stade apparaissent diff\u00e9rents types de pousses :<\/p>\n\n\n\n<ul class=\"wp-block-list\">\n<li><strong>Pousses v\u00e9g\u00e9tatives<\/strong>, qui produiront de nouvelles feuilles et branches.<\/li>\n\n\n\n<li><strong>Pousses mixtes<\/strong>, combinant croissance v\u00e9g\u00e9tative et florale.<\/li>\n\n\n\n<li><strong>Pousses florales<\/strong>, qui donneront lieu \u00e0 la floraison puis au fruit.<\/li>\n<\/ul>\n\n\n\n<p>La pouss\u00e9e printani\u00e8re est g\u00e9n\u00e9ralement la plus importante de l\u2019ann\u00e9e, car elle d\u00e9finit une grande partie de la structure v\u00e9g\u00e9tative qui soutiendra la production future. Dans de nombreux cas, le dynamisme et la qualit\u00e9 de cette pouss\u00e9e d\u00e9termineront le potentiel productif de la campagne.<\/p>\n\n\n\n<p>Cependant, cette phase se caract\u00e9rise \u00e9galement par la pr\u00e9sence de tissus tr\u00e8s jeunes et sensibles. Les feuilles r\u00e9cemment form\u00e9es pr\u00e9sentent des cuticules peu d\u00e9velopp\u00e9es, les tiges sont flexibles et les cellules contiennent un pourcentage \u00e9lev\u00e9 d\u2019eau. Tout stress environnemental peut donc provoquer des dommages visibles en tr\u00e8s peu de temps.<\/p>\n\n\n\n<p>De plus, durant la pouss\u00e9e, des compos\u00e9s attirent particuli\u00e8rement de nombreux insectes phytophages, ce qui explique que de nombreux ravageurs trouvent \u00e0 ce stade le moment id\u00e9al pour coloniser la culture.<\/p>\n\n\n\n<h2 class=\"wp-block-heading\"><strong>Probl\u00e8mes les plus fr\u00e9quents chez les agrumes pendant leur pouss\u00e9e<\/strong><\/h2>\n\n\n\n<p>Le printemps apporte une combinaison de facteurs climatiques et biologiques pouvant affecter s\u00e9rieusement le d\u00e9veloppement des bourgeons. Dans de nombreuses exploitations agrumicoles, les agriculteurs connaissent bien cette p\u00e9riode, car c\u2019est le moment o\u00f9 apparaissent certains des probl\u00e8mes les plus r\u00e9currents de la culture.<\/p>\n\n\n\n<h3 class=\"wp-block-heading\"><strong>Gels tardifs: un risque r\u00e9el m\u00eame au printemps<\/strong><\/h3>\n\n\n\n<p>Bien que l\u2019hiver soit termin\u00e9, dans de nombreuses zones agrumicoles, des \u00e9pisodes de gel tardif peuvent encore survenir au cours des premiers mois du printemps.<br>Lorsque les temp\u00e9ratures descendent en dessous de certains seuils, les tissus jeunes de l\u2019arbre (notamment les bourgeons r\u00e9cemment form\u00e9s) peuvent subir d\u2019importants dommages. Les cellules v\u00e9g\u00e9tales contiennent beaucoup d\u2019eau et, en gelant, les membranes cellulaires se rompent, provoquant des n\u00e9croses.<br>Les sympt\u00f4mes les plus fr\u00e9quents apr\u00e8s un gel printanier incluent :<\/p>\n\n\n\n<ul class=\"wp-block-list\">\n<li>noircissement des jeunes bourgeons<\/li>\n\n\n\n<li>chute pr\u00e9matur\u00e9e des fleurs<\/li>\n\n\n\n<li>d\u00e9formations des nouvelles feuilles<\/li>\n\n\n\n<li>retard de la croissance v\u00e9g\u00e9tative<\/li>\n<\/ul>\n\n\n\n<p>Dans les cas les pluses graves, l\u2019arbre peut perdre une grande partie de la pouss\u00e9e \u00e9mise, l\u2019obligeant \u00e0 g\u00e9n\u00e9rer de nouveaux bourgeons plusieurs semaines plus tard, retardant ainsi son d\u00e9veloppement.<\/p>\n\n\n\n<h3 class=\"wp-block-heading\"><strong>Oscillations thermiques et stress physiologique<\/strong><\/h3>\n\n\n\n<p>L\u2019un des facteurs moins visibles mais fr\u00e9quents au printemps est la variation brutale de temp\u00e9rature entre le jour et la nuit.<br>Il est courant, \u00e0 cette p\u00e9riode, d\u2019avoir des journ\u00e9es chaudes suivies de nuits relativement fra\u00eeches. Ces variations peuvent provoquer un stress physiologique chez l\u2019arbre, affectant des processus tels que :<\/p>\n\n\n\n<ul class=\"wp-block-list\">\n<li>la photosynth\u00e8se<\/li>\n\n\n\n<li>la transpiration<\/li>\n\n\n\n<li>le transport des nutriments<\/li>\n<\/ul>\n\n\n\n<p>Lorsque l\u2019arbre subit ce type de stress, il est courant d\u2019observer :<\/p>\n\n\n\n<ul class=\"wp-block-list\">\n<li>croissance irr\u00e9guli\u00e8re des bourgeons<\/li>\n\n\n\n<li>feuilles d\u00e9form\u00e9es<\/li>\n\n\n\n<li>ralentissement du d\u00e9veloppement v\u00e9g\u00e9tatif<\/li>\n<\/ul>\n\n\n\n<p>Ce ph\u00e9nom\u00e8ne est particuli\u00e8rement fr\u00e9quent lors des changements de saison et peut s\u2019aggraver lorsqu\u2019il co\u00efncide avec d\u2019autres facteurs comme le vent ou le d\u00e9ficit hydrique.<\/p>\n\n\n\n<h3 class=\"wp-block-heading\"><strong>Ravageurs attaquant les jeunes pousses<\/strong><\/h3>\n\n\n\n<p>La pouss\u00e9e printani\u00e8re est \u00e9galement le moment o\u00f9 de nombreux ravageurs trouvent des conditions id\u00e9ales pour se d\u00e9velopper. Les insectes piqueurs-suceurs et mineurs montrent une nette pr\u00e9f\u00e9rence pour les jeunes feuilles, car elles contiennent plus de nutriments et sont plus faciles \u00e0 perforer.<br>Parmi les ravageurs les plus fr\u00e9quents des bourgeons d\u2019agrumes figurent les pucerons et le mineur des feuilles:<\/p>\n\n\n\n<ul class=\"wp-block-list\">\n<li><strong>Pucerons (Aphis spiraecola, Aphis gossypii)<\/strong>: se nourrissent de la s\u00e8ve, d\u00e9forment les feuilles et produisent du miellat favorisant l\u2019apparition de fumagine.<\/li>\n\n\n\n<li><strong>Mineur des feuilles (Phyllocnistis citrella)<\/strong> : les larves creusent des galeries dans les jeunes feuilles, provoquant d\u00e9formations et chute pr\u00e9matur\u00e9e des bourgeons.<\/li>\n<\/ul>\n\n\n\n<h3 class=\"wp-block-heading\"><strong>Maladies favoris\u00e9es par l\u2019humidit\u00e9 printani\u00e8re<\/strong><\/h3>\n\n\n\n<p>Le printemps apporte souvent des p\u00e9riodes de pluie et une humidit\u00e9 \u00e9lev\u00e9e favorisant le d\u00e9veloppement de pathog\u00e8nes fongiques. Parmi les plus fr\u00e9quents chez le mandarinier :<\/p>\n\n\n\n<ul class=\"wp-block-list\">\n<li><strong>Alternaria alternata<\/strong> : provoque des taches brunes sur les feuilles et jeunes bourgeons.<\/li>\n\n\n\n<li><strong>Phytophthora spp.<\/strong> : affecte les racines et la base du tronc en conditions d\u2019humidit\u00e9 \u00e9lev\u00e9e.<\/li>\n<\/ul>\n\n\n\n<p>Les attaques \u00e0 ce stade peuvent ralentir la croissance et affecter la production future.<\/p>\n\n\n\n<h2 class=\"wp-block-heading\"><strong>Cons\u00e9quences lorsque la pouss\u00e9e est affect\u00e9e<\/strong><\/h2>\n\n\n\n<p>Les probl\u00e8mes pendant la pouss\u00e9e printani\u00e8re peuvent g\u00e9n\u00e9rer :<\/p>\n\n\n\n<ul class=\"wp-block-list\">\n<li>retard de croissance v\u00e9g\u00e9tative<\/li>\n\n\n\n<li>affaiblissement de l\u2019arbre<\/li>\n\n\n\n<li>r\u00e9duction de la surface foliaire<\/li>\n\n\n\n<li>diminution de la capacit\u00e9 productive<\/li>\n<\/ul>\n\n\n\n<p>M\u00eame si l\u2019arbre peut g\u00e9n\u00e9rer de nouveaux bourgeons pour compenser, cela implique une consommation suppl\u00e9mentaire de r\u00e9serves et un retard dans la structure d\u00e9finitive de l\u2019arbre.<\/p>\n\n\n\n<h2 class=\"wp-block-heading\"><strong>Strat\u00e9gies de protection pour les cultures d\u2019agrumes<\/strong><\/h2>\n\n\n\n<p>Pour minimiser les risques, les agriculteurs combinent :<\/p>\n\n\n\n<ul class=\"wp-block-list\">\n<li>gestion appropri\u00e9e de l\u2019irrigation<\/li>\n\n\n\n<li>nutrition \u00e9quilibr\u00e9e<\/li>\n\n\n\n<li>surveillance phytosanitaire<\/li>\n\n\n\n<li>tailles favorisant l\u2019a\u00e9ration<\/li>\n<\/ul>\n\n\n\n<p>De plus, la protection physique de la culture par des gaines est devenue une strat\u00e9gie tr\u00e8s efficace pour assurer le d\u00e9veloppement des bourgeons les pluses sensibles.<\/p>\n\n\n\n<h2 class=\"wp-block-heading\"><strong>Couverture tubulaire DNT Agro : protection efficace pour les agrumes<\/strong><\/h2>\n\n\n\n<p>Pendant la pouss\u00e9e printani\u00e8re, les bourgeons et feuilles jeunes des agrumes sont particuli\u00e8rement sensibles aux gels tardifs, au vent et aux ravageurs. Pour les prot\u00e9ger, DNT Agro propose des couverture tubulaires, con\u00e7ues pour cr\u00e9er un microclimat stable autour de l\u2019arbre et favoriser un d\u00e9veloppement s\u00fbr des bourgeons.<\/p>\n\n\n\n<p>Ces gaines, fabriqu\u00e9es avec des mat\u00e9riaux r\u00e9sistants et recyclables, permettent de:<\/p>\n\n\n\n<ul class=\"wp-block-list\">\n<li>r\u00e9duire l\u2019impact du vent sur les jeunes bourgeons<\/li>\n\n\n\n<li>amortir les baisses brusques de temp\u00e9rature et les gels l\u00e9gers<\/li>\n\n\n\n<li>limiter l\u2019acc\u00e8s des ravageurs comme les pucerons ou les mineurs des feuilles<\/li>\n\n\n\n<li>favoriser une croissance verticale et ordonn\u00e9e des nouvelles branches<\/li>\n<\/ul>\n\n\n\n<p>Ainsi, les <a href=\"https:\/\/dntagro.com\/fr\/produits\/funda-tubular\/\">couverture tubulaires <\/a>DNT Agro prot\u00e8gent et am\u00e9liorent la sant\u00e9 de la culture, assurant le d\u00e9veloppement s\u00e9curis\u00e9 des bourgeons pendant cette \u00e9tape critique du cycle v\u00e9g\u00e9tatif.<\/p>\n\n\n\n<div style=\"height:20px\" aria-hidden=\"true\" class=\"wp-block-spacer\"><\/div>\n\n\n\n<figure class=\"wp-block-image size-full is-resized\"><img decoding=\"async\" width=\"1024\" height=\"1024\" src=\"https:\/\/dntagro.com\/wp-content\/uploads\/2026\/03\/funda-tubular-para-citricos-germinacion-2.jpg\" alt=\"Protection des bourgeons d\u2019agrumes au printemps\" class=\"wp-image-18929\" style=\"width:691px;height:auto\" srcset=\"https:\/\/dntagro.com\/wp-content\/uploads\/2026\/03\/funda-tubular-para-citricos-germinacion-2.jpg 1024w, https:\/\/dntagro.com\/wp-content\/uploads\/2026\/03\/funda-tubular-para-citricos-germinacion-2-370x370.jpg 370w, https:\/\/dntagro.com\/wp-content\/uploads\/2026\/03\/funda-tubular-para-citricos-germinacion-2-768x768.jpg 768w\" sizes=\"(max-width: 1024px) 100vw, 1024px\" \/><\/figure>\n\n\n\n<h2 class=\"wp-block-heading\"><strong>Conclusion<\/strong><\/h2>\n\n\n\n<p>Le printemps est une \u00e9tape d\u00e9cisive pour le d\u00e9veloppement des agrumes. Pendant ces semaines, les bourgeons form\u00e9s d\u00e9termineront la structure et la productivit\u00e9 future de l\u2019arbre. Gels, vent, ravageurs ou maladies peuvent gravement affecter la culture si aucune mesure de protection n\u2019est prise.<\/p>\n\n\n\n<p>Int\u00e9grer des strat\u00e9gies telles que la protection avec les couverture tubulaires DNT Agro permet de r\u00e9duire les risques, favoriser une croissance plus ordonn\u00e9e et garantir la survie des bourgeons les plus d\u00e9licats. Anticiper les probl\u00e8mes de la pouss\u00e9e peut faire la diff\u00e9rence entre une campagne compliqu\u00e9e et une culture qui \u00e9volue avec vigueur d\u00e8s le d\u00e9but de la saison.<\/p>\n\n\n\n<p><\/p>\n","protected":false},"excerpt":{"rendered":"<p>Le printemps marque l\u2019un des moments les plus d\u00e9terminants dans le cycle de culture des agrumes. Apr\u00e8s la p\u00e9riode hivernale, les arbres commencent \u00e0 se r\u00e9activer physiologiquement et entrent dans une phase d\u2019activit\u00e9 v\u00e9g\u00e9tative intense : de nouvelles branches apparaissent, des bourgeons tendres, des jeunes feuilles et m\u00eame les premi\u00e8res fleurs qui donneront la future r\u00e9colte.Pour l\u2019agriculteur, cette \u00e9tape repr\u00e9sente une p\u00e9riode de grande vuln\u00e9rabilit\u00e9 pour la culture, car pendant &#8230; <\/p>\n<p class=\"read-more-container\"><a title=\"La pouss\u00e9e des agrumes au printemps : risques, probl\u00e8mes et comment prot\u00e9ger la culture \u00e0 une phase cl\u00e9\" class=\"read-more button\" href=\"https:\/\/dntagro.com\/fr\/protection-des-bourgeons-dagrumes-au-printemps\/#more-18928\" aria-label=\"En savoir plus sur La pouss\u00e9e des agrumes au printemps : risques, probl\u00e8mes et comment prot\u00e9ger la culture \u00e0 une phase cl\u00e9\">En savoir plus<\/a><\/p>\n","protected":false},"author":20,"featured_media":18923,"comment_status":"closed","ping_status":"closed","sticky":false,"template":"","format":"standard","meta":{"inline_featured_image":false,"footnotes":""},"categories":[223],"tags":[],"class_list":["post-18928","post","type-post","status-publish","format-standard","has-post-thumbnail","hentry","category-produits","generate-columns","tablet-grid-50","mobile-grid-100","grid-parent","grid-50"],"yoast_head":"<!-- This site is optimized with the Yoast SEO plugin v27.4 - https:\/\/yoast.com\/product\/yoast-seo-wordpress\/ -->\n<title>Prot\u00e9gez vos agrumes au printemps<\/title>\n<meta name=\"description\" content=\"Prot\u00e9gez la pouss\u00e9e de vos agrumes au printemps contre les gels, le vent et les ravageurs avec les gaines tubulaires DNT Agro\" \/>\n<meta name=\"robots\" content=\"index, follow, max-snippet:-1, max-image-preview:large, max-video-preview:-1\" \/>\n<link rel=\"canonical\" href=\"https:\/\/dntagro.com\/fr\/protection-des-bourgeons-dagrumes-au-printemps\/\" \/>\n<meta property=\"og:locale\" content=\"fr_FR\" \/>\n<meta property=\"og:type\" content=\"article\" \/>\n<meta property=\"og:title\" content=\"Prot\u00e9gez vos agrumes au printemps\" \/>\n<meta property=\"og:description\" content=\"Prot\u00e9gez la pouss\u00e9e de vos agrumes au printemps contre les gels, le vent et les ravageurs avec les gaines tubulaires DNT Agro\" \/>\n<meta property=\"og:url\" content=\"https:\/\/dntagro.com\/fr\/protection-des-bourgeons-dagrumes-au-printemps\/\" \/>\n<meta property=\"og:site_name\" content=\"DNT Agro\" \/>\n<meta property=\"article:published_time\" content=\"2026-03-13T09:27:56+00:00\" \/>\n<meta property=\"article:modified_time\" content=\"2026-03-13T09:28:08+00:00\" \/>\n<meta property=\"og:image\" content=\"https:\/\/dntagro.com\/wp-content\/uploads\/2026\/03\/funda-tubular-para-citricos-germinacion-1.jpg\" \/>\n\t<meta property=\"og:image:width\" content=\"1024\" \/>\n\t<meta property=\"og:image:height\" content=\"1024\" \/>\n\t<meta property=\"og:image:type\" content=\"image\/jpeg\" \/>\n<meta name=\"author\" content=\"Marketing GDNT\" \/>\n<meta name=\"twitter:card\" content=\"summary_large_image\" \/>\n<meta name=\"twitter:label1\" content=\"\u00c9crit par\" \/>\n\t<meta name=\"twitter:data1\" content=\"Marketing GDNT\" \/>\n\t<meta name=\"twitter:label2\" content=\"Dur\u00e9e de lecture estim\u00e9e\" \/>\n\t<meta name=\"twitter:data2\" content=\"6 minutes\" \/>\n<script type=\"application\/ld+json\" class=\"yoast-schema-graph\">{\"@context\":\"https:\\\/\\\/schema.org\",\"@graph\":[{\"@type\":\"Article\",\"@id\":\"https:\\\/\\\/dntagro.com\\\/fr\\\/protection-des-bourgeons-dagrumes-au-printemps\\\/#article\",\"isPartOf\":{\"@id\":\"https:\\\/\\\/dntagro.com\\\/fr\\\/protection-des-bourgeons-dagrumes-au-printemps\\\/\"},\"author\":{\"name\":\"Marketing GDNT\",\"@id\":\"https:\\\/\\\/dntagro.com\\\/fr\\\/#\\\/schema\\\/person\\\/04c6613b5b8ef6f8c18be99bf09b74ab\"},\"headline\":\"La pouss\u00e9e des agrumes au printemps : risques, probl\u00e8mes et comment prot\u00e9ger la culture \u00e0 une phase cl\u00e9\",\"datePublished\":\"2026-03-13T09:27:56+00:00\",\"dateModified\":\"2026-03-13T09:28:08+00:00\",\"mainEntityOfPage\":{\"@id\":\"https:\\\/\\\/dntagro.com\\\/fr\\\/protection-des-bourgeons-dagrumes-au-printemps\\\/\"},\"wordCount\":1468,\"publisher\":{\"@id\":\"https:\\\/\\\/dntagro.com\\\/fr\\\/#organization\"},\"image\":{\"@id\":\"https:\\\/\\\/dntagro.com\\\/fr\\\/protection-des-bourgeons-dagrumes-au-printemps\\\/#primaryimage\"},\"thumbnailUrl\":\"https:\\\/\\\/dntagro.com\\\/wp-content\\\/uploads\\\/2026\\\/03\\\/funda-tubular-para-citricos-germinacion-1.jpg\",\"articleSection\":[\"Produits\"],\"inLanguage\":\"fr-FR\"},{\"@type\":\"WebPage\",\"@id\":\"https:\\\/\\\/dntagro.com\\\/fr\\\/protection-des-bourgeons-dagrumes-au-printemps\\\/\",\"url\":\"https:\\\/\\\/dntagro.com\\\/fr\\\/protection-des-bourgeons-dagrumes-au-printemps\\\/\",\"name\":\"Prot\u00e9gez vos agrumes au printemps\",\"isPartOf\":{\"@id\":\"https:\\\/\\\/dntagro.com\\\/fr\\\/#website\"},\"primaryImageOfPage\":{\"@id\":\"https:\\\/\\\/dntagro.com\\\/fr\\\/protection-des-bourgeons-dagrumes-au-printemps\\\/#primaryimage\"},\"image\":{\"@id\":\"https:\\\/\\\/dntagro.com\\\/fr\\\/protection-des-bourgeons-dagrumes-au-printemps\\\/#primaryimage\"},\"thumbnailUrl\":\"https:\\\/\\\/dntagro.com\\\/wp-content\\\/uploads\\\/2026\\\/03\\\/funda-tubular-para-citricos-germinacion-1.jpg\",\"datePublished\":\"2026-03-13T09:27:56+00:00\",\"dateModified\":\"2026-03-13T09:28:08+00:00\",\"description\":\"Prot\u00e9gez la pouss\u00e9e de vos agrumes au printemps contre les gels, le vent et les ravageurs avec les gaines tubulaires DNT Agro\",\"breadcrumb\":{\"@id\":\"https:\\\/\\\/dntagro.com\\\/fr\\\/protection-des-bourgeons-dagrumes-au-printemps\\\/#breadcrumb\"},\"inLanguage\":\"fr-FR\",\"potentialAction\":[{\"@type\":\"ReadAction\",\"target\":[\"https:\\\/\\\/dntagro.com\\\/fr\\\/protection-des-bourgeons-dagrumes-au-printemps\\\/\"]}]},{\"@type\":\"ImageObject\",\"inLanguage\":\"fr-FR\",\"@id\":\"https:\\\/\\\/dntagro.com\\\/fr\\\/protection-des-bourgeons-dagrumes-au-printemps\\\/#primaryimage\",\"url\":\"https:\\\/\\\/dntagro.com\\\/wp-content\\\/uploads\\\/2026\\\/03\\\/funda-tubular-para-citricos-germinacion-1.jpg\",\"contentUrl\":\"https:\\\/\\\/dntagro.com\\\/wp-content\\\/uploads\\\/2026\\\/03\\\/funda-tubular-para-citricos-germinacion-1.jpg\",\"width\":1024,\"height\":1024},{\"@type\":\"BreadcrumbList\",\"@id\":\"https:\\\/\\\/dntagro.com\\\/fr\\\/protection-des-bourgeons-dagrumes-au-printemps\\\/#breadcrumb\",\"itemListElement\":[{\"@type\":\"ListItem\",\"position\":1,\"name\":\"Portada\",\"item\":\"https:\\\/\\\/dntagro.com\\\/fr\\\/\"},{\"@type\":\"ListItem\",\"position\":2,\"name\":\"La pouss\u00e9e des agrumes au printemps : risques, probl\u00e8mes et comment prot\u00e9ger la culture \u00e0 une phase cl\u00e9\"}]},{\"@type\":\"WebSite\",\"@id\":\"https:\\\/\\\/dntagro.com\\\/fr\\\/#website\",\"url\":\"https:\\\/\\\/dntagro.com\\\/fr\\\/\",\"name\":\"DNT Agro\",\"description\":\"DNT AGRO es la l\u00ednea de no tejidos y complementos para la protecci\u00f3n y el control biol\u00f3gico y t\u00e9rmico de \u00e1rboles, cultivos y plantas.\",\"publisher\":{\"@id\":\"https:\\\/\\\/dntagro.com\\\/fr\\\/#organization\"},\"potentialAction\":[{\"@type\":\"SearchAction\",\"target\":{\"@type\":\"EntryPoint\",\"urlTemplate\":\"https:\\\/\\\/dntagro.com\\\/fr\\\/?s={search_term_string}\"},\"query-input\":{\"@type\":\"PropertyValueSpecification\",\"valueRequired\":true,\"valueName\":\"search_term_string\"}}],\"inLanguage\":\"fr-FR\"},{\"@type\":\"Organization\",\"@id\":\"https:\\\/\\\/dntagro.com\\\/fr\\\/#organization\",\"name\":\"DNT Agro\",\"url\":\"https:\\\/\\\/dntagro.com\\\/fr\\\/\",\"logo\":{\"@type\":\"ImageObject\",\"inLanguage\":\"fr-FR\",\"@id\":\"https:\\\/\\\/dntagro.com\\\/fr\\\/#\\\/schema\\\/logo\\\/image\\\/\",\"url\":\"https:\\\/\\\/dntagro.com\\\/wp-content\\\/uploads\\\/2025\\\/10\\\/dntagro-menu.png\",\"contentUrl\":\"https:\\\/\\\/dntagro.com\\\/wp-content\\\/uploads\\\/2025\\\/10\\\/dntagro-menu.png\",\"width\":170,\"height\":100,\"caption\":\"DNT Agro\"},\"image\":{\"@id\":\"https:\\\/\\\/dntagro.com\\\/fr\\\/#\\\/schema\\\/logo\\\/image\\\/\"}},{\"@type\":\"Person\",\"@id\":\"https:\\\/\\\/dntagro.com\\\/fr\\\/#\\\/schema\\\/person\\\/04c6613b5b8ef6f8c18be99bf09b74ab\",\"name\":\"Marketing GDNT\"}]}<\/script>\n<!-- \/ Yoast SEO plugin. -->","yoast_head_json":{"title":"Prot\u00e9gez vos agrumes au printemps","description":"Prot\u00e9gez la pouss\u00e9e de vos agrumes au printemps contre les gels, le vent et les ravageurs avec les gaines tubulaires DNT Agro","robots":{"index":"index","follow":"follow","max-snippet":"max-snippet:-1","max-image-preview":"max-image-preview:large","max-video-preview":"max-video-preview:-1"},"canonical":"https:\/\/dntagro.com\/fr\/protection-des-bourgeons-dagrumes-au-printemps\/","og_locale":"fr_FR","og_type":"article","og_title":"Prot\u00e9gez vos agrumes au printemps","og_description":"Prot\u00e9gez la pouss\u00e9e de vos agrumes au printemps contre les gels, le vent et les ravageurs avec les gaines tubulaires DNT Agro","og_url":"https:\/\/dntagro.com\/fr\/protection-des-bourgeons-dagrumes-au-printemps\/","og_site_name":"DNT Agro","article_published_time":"2026-03-13T09:27:56+00:00","article_modified_time":"2026-03-13T09:28:08+00:00","og_image":[{"width":1024,"height":1024,"url":"https:\/\/dntagro.com\/wp-content\/uploads\/2026\/03\/funda-tubular-para-citricos-germinacion-1.jpg","type":"image\/jpeg"}],"author":"Marketing GDNT","twitter_card":"summary_large_image","twitter_misc":{"\u00c9crit par":"Marketing GDNT","Dur\u00e9e de lecture estim\u00e9e":"6 minutes"},"schema":{"@context":"https:\/\/schema.org","@graph":[{"@type":"Article","@id":"https:\/\/dntagro.com\/fr\/protection-des-bourgeons-dagrumes-au-printemps\/#article","isPartOf":{"@id":"https:\/\/dntagro.com\/fr\/protection-des-bourgeons-dagrumes-au-printemps\/"},"author":{"name":"Marketing GDNT","@id":"https:\/\/dntagro.com\/fr\/#\/schema\/person\/04c6613b5b8ef6f8c18be99bf09b74ab"},"headline":"La pouss\u00e9e des agrumes au printemps : risques, probl\u00e8mes et comment prot\u00e9ger la culture \u00e0 une phase cl\u00e9","datePublished":"2026-03-13T09:27:56+00:00","dateModified":"2026-03-13T09:28:08+00:00","mainEntityOfPage":{"@id":"https:\/\/dntagro.com\/fr\/protection-des-bourgeons-dagrumes-au-printemps\/"},"wordCount":1468,"publisher":{"@id":"https:\/\/dntagro.com\/fr\/#organization"},"image":{"@id":"https:\/\/dntagro.com\/fr\/protection-des-bourgeons-dagrumes-au-printemps\/#primaryimage"},"thumbnailUrl":"https:\/\/dntagro.com\/wp-content\/uploads\/2026\/03\/funda-tubular-para-citricos-germinacion-1.jpg","articleSection":["Produits"],"inLanguage":"fr-FR"},{"@type":"WebPage","@id":"https:\/\/dntagro.com\/fr\/protection-des-bourgeons-dagrumes-au-printemps\/","url":"https:\/\/dntagro.com\/fr\/protection-des-bourgeons-dagrumes-au-printemps\/","name":"Prot\u00e9gez vos agrumes au printemps","isPartOf":{"@id":"https:\/\/dntagro.com\/fr\/#website"},"primaryImageOfPage":{"@id":"https:\/\/dntagro.com\/fr\/protection-des-bourgeons-dagrumes-au-printemps\/#primaryimage"},"image":{"@id":"https:\/\/dntagro.com\/fr\/protection-des-bourgeons-dagrumes-au-printemps\/#primaryimage"},"thumbnailUrl":"https:\/\/dntagro.com\/wp-content\/uploads\/2026\/03\/funda-tubular-para-citricos-germinacion-1.jpg","datePublished":"2026-03-13T09:27:56+00:00","dateModified":"2026-03-13T09:28:08+00:00","description":"Prot\u00e9gez la pouss\u00e9e de vos agrumes au printemps contre les gels, le vent et les ravageurs avec les gaines tubulaires DNT Agro","breadcrumb":{"@id":"https:\/\/dntagro.com\/fr\/protection-des-bourgeons-dagrumes-au-printemps\/#breadcrumb"},"inLanguage":"fr-FR","potentialAction":[{"@type":"ReadAction","target":["https:\/\/dntagro.com\/fr\/protection-des-bourgeons-dagrumes-au-printemps\/"]}]},{"@type":"ImageObject","inLanguage":"fr-FR","@id":"https:\/\/dntagro.com\/fr\/protection-des-bourgeons-dagrumes-au-printemps\/#primaryimage","url":"https:\/\/dntagro.com\/wp-content\/uploads\/2026\/03\/funda-tubular-para-citricos-germinacion-1.jpg","contentUrl":"https:\/\/dntagro.com\/wp-content\/uploads\/2026\/03\/funda-tubular-para-citricos-germinacion-1.jpg","width":1024,"height":1024},{"@type":"BreadcrumbList","@id":"https:\/\/dntagro.com\/fr\/protection-des-bourgeons-dagrumes-au-printemps\/#breadcrumb","itemListElement":[{"@type":"ListItem","position":1,"name":"Portada","item":"https:\/\/dntagro.com\/fr\/"},{"@type":"ListItem","position":2,"name":"La pouss\u00e9e des agrumes au printemps : risques, probl\u00e8mes et comment prot\u00e9ger la culture \u00e0 une phase cl\u00e9"}]},{"@type":"WebSite","@id":"https:\/\/dntagro.com\/fr\/#website","url":"https:\/\/dntagro.com\/fr\/","name":"DNT Agro","description":"DNT AGRO es la l\u00ednea de no tejidos y complementos para la protecci\u00f3n y el control biol\u00f3gico y t\u00e9rmico de \u00e1rboles, cultivos y plantas.","publisher":{"@id":"https:\/\/dntagro.com\/fr\/#organization"},"potentialAction":[{"@type":"SearchAction","target":{"@type":"EntryPoint","urlTemplate":"https:\/\/dntagro.com\/fr\/?s={search_term_string}"},"query-input":{"@type":"PropertyValueSpecification","valueRequired":true,"valueName":"search_term_string"}}],"inLanguage":"fr-FR"},{"@type":"Organization","@id":"https:\/\/dntagro.com\/fr\/#organization","name":"DNT Agro","url":"https:\/\/dntagro.com\/fr\/","logo":{"@type":"ImageObject","inLanguage":"fr-FR","@id":"https:\/\/dntagro.com\/fr\/#\/schema\/logo\/image\/","url":"https:\/\/dntagro.com\/wp-content\/uploads\/2025\/10\/dntagro-menu.png","contentUrl":"https:\/\/dntagro.com\/wp-content\/uploads\/2025\/10\/dntagro-menu.png","width":170,"height":100,"caption":"DNT Agro"},"image":{"@id":"https:\/\/dntagro.com\/fr\/#\/schema\/logo\/image\/"}},{"@type":"Person","@id":"https:\/\/dntagro.com\/fr\/#\/schema\/person\/04c6613b5b8ef6f8c18be99bf09b74ab","name":"Marketing GDNT"}]}},"_links":{"self":[{"href":"https:\/\/dntagro.com\/fr\/wp-json\/wp\/v2\/posts\/18928","targetHints":{"allow":["GET"]}}],"collection":[{"href":"https:\/\/dntagro.com\/fr\/wp-json\/wp\/v2\/posts"}],"about":[{"href":"https:\/\/dntagro.com\/fr\/wp-json\/wp\/v2\/types\/post"}],"author":[{"embeddable":true,"href":"https:\/\/dntagro.com\/fr\/wp-json\/wp\/v2\/users\/20"}],"replies":[{"embeddable":true,"href":"https:\/\/dntagro.com\/fr\/wp-json\/wp\/v2\/comments?post=18928"}],"version-history":[{"count":0,"href":"https:\/\/dntagro.com\/fr\/wp-json\/wp\/v2\/posts\/18928\/revisions"}],"wp:featuredmedia":[{"embeddable":true,"href":"https:\/\/dntagro.com\/fr\/wp-json\/wp\/v2\/media\/18923"}],"wp:attachment":[{"href":"https:\/\/dntagro.com\/fr\/wp-json\/wp\/v2\/media?parent=18928"}],"wp:term":[{"taxonomy":"category","embeddable":true,"href":"https:\/\/dntagro.com\/fr\/wp-json\/wp\/v2\/categories?post=18928"},{"taxonomy":"post_tag","embeddable":true,"href":"https:\/\/dntagro.com\/fr\/wp-json\/wp\/v2\/tags?post=18928"}],"curies":[{"name":"wp","href":"https:\/\/api.w.org\/{rel}","templated":true}]}}